{"id":88,"date":"2015-11-02T15:18:07","date_gmt":"2015-11-02T14:18:07","guid":{"rendered":"http:\/\/laura-calabrese.com\/Blog\/?p=88"},"modified":"2018-09-25T09:08:00","modified_gmt":"2018-09-25T08:08:00","slug":"nuit-et-brouillard","status":"publish","type":"post","link":"https:\/\/laura-calabrese.com\/Blog\/nuit-et-brouillard\/","title":{"rendered":"Nuit et Brouillard"},"content":{"rendered":"<p><a href=\"https:\/\/laura-calabrese.com\/Blog\/wp-content\/uploads\/nuit-et-brouillard.jpg\"><img loading=\"lazy\" decoding=\"async\" class=\"alignnone size-full wp-image-89\" src=\"https:\/\/laura-calabrese.com\/Blog\/wp-content\/uploads\/nuit-et-brouillard.jpg\" alt=\"\" width=\"240\" height=\"180\" \/><\/a><\/p>\n<p>Sont le lot de ces jours, pour nous, habitants des plaines.<\/p>\n<p>Et ce n\u2019est pas seulement le ciel et la lumi\u00e8re qui nous manque\u2026 Il y a de ces jours o\u00f9 nous avons beau tenter de chercher notre chemin, nous ne parvenons pas \u00e0 sortir de notre statut d\u2019\u00e9gar\u00e9. Nous avan\u00e7ons, \u00e0 t\u00e2tons, aveugl\u00e9ment, avec peine et nous ne le voyons toujours pas, ce chemin professionnel, ce chemin amoureux, familial, amical, ce chemin de vie. Nous avons l\u2019impression que nous avons beau chercher mais h\u00e9las, sans succ\u00e8s, tant les voies pour y parvenir nous semblent t\u00e9n\u00e9breuses, sombres, voire impraticables.<\/p>\n<p>Nous souhaiterions trouver notre voie, regarder devant et nous dire que tout est \u00e9vident et clair. Mais, m\u00eame si au fond de nous, nous savons ce qu\u2019il nous resterait \u00e0 faire pour y parvenir, eh bien, nous ne parvenons juste pas \u00e0 entamer ces fameux premiers pas.<\/p>\n<p>Parfois, nous relevons la t\u00eate, regardons le ciel et prenons conscience que le soleil est l\u00e0, qu\u2019il n\u2019a jamais disparu, et qu\u2019il ne tient qu\u2019\u00e0 nous d\u2019aller le chercher. Alors, nous prenons la voiture, le train, l\u2019avion, nous montons de quelques m\u00e8tres et traversons la nappe de brouillard\u2026<\/p>\n<p>Le coaching vient vous rappeler que le soleil brille toujours, et qu\u2019il ne tient qu\u2019\u00e0 vous de le re-faire briller dans votre vie. Une fois que ce recul est pris, m\u00eame les journ\u00e9es de brouillard sont tout d\u2019un coup plus lumineuses\u2026 \ud83d\ude42<\/p>\n","protected":false},"excerpt":{"rendered":"<p>Sont le lot de ces jours, pour nous, habitants des plaines. Et ce n\u2019est pas seulement le ciel et la lumi\u00e8re qui nous manque\u2026 Il y a de ces jours o\u00f9 nous avons beau tenter de chercher notre chemin, nous ne parvenons pas \u00e0 sortir de notre statut d\u2019\u00e9gar\u00e9. Nous avan\u00e7ons, \u00e0 t\u00e2tons, aveugl\u00e9ment, avec [&hellip;]<\/p>\n","protected":false},"author":1,"featured_media":0,"comment_status":"open","ping_status":"open","sticky":false,"template":"","format":"standard","meta":{"footnotes":""},"categories":[4,5],"tags":[],"class_list":["post-88","post","type-post","status-publish","format-standard","hentry","category-coaching","category-coaching-de-vie"],"_links":{"self":[{"href":"https:\/\/laura-calabrese.com\/Blog\/wp-json\/wp\/v2\/posts\/88","targetHints":{"allow":["GET"]}}],"collection":[{"href":"https:\/\/laura-calabrese.com\/Blog\/wp-json\/wp\/v2\/posts"}],"about":[{"href":"https:\/\/laura-calabrese.com\/Blog\/wp-json\/wp\/v2\/types\/post"}],"author":[{"embeddable":true,"href":"https:\/\/laura-calabrese.com\/Blog\/wp-json\/wp\/v2\/users\/1"}],"replies":[{"embeddable":true,"href":"https:\/\/laura-calabrese.com\/Blog\/wp-json\/wp\/v2\/comments?post=88"}],"version-history":[{"count":4,"href":"https:\/\/laura-calabrese.com\/Blog\/wp-json\/wp\/v2\/posts\/88\/revisions"}],"predecessor-version":[{"id":291,"href":"https:\/\/laura-calabrese.com\/Blog\/wp-json\/wp\/v2\/posts\/88\/revisions\/291"}],"wp:attachment":[{"href":"https:\/\/laura-calabrese.com\/Blog\/wp-json\/wp\/v2\/media?parent=88"}],"wp:term":[{"taxonomy":"category","embeddable":true,"href":"https:\/\/laura-calabrese.com\/Blog\/wp-json\/wp\/v2\/categories?post=88"},{"taxonomy":"post_tag","embeddable":true,"href":"https:\/\/laura-calabrese.com\/Blog\/wp-json\/wp\/v2\/tags?post=88"}],"curies":[{"name":"wp","href":"https:\/\/api.w.org\/{rel}","templated":true}]}}