{"id":484,"date":"2024-11-13T12:58:03","date_gmt":"2024-11-13T11:58:03","guid":{"rendered":"https:\/\/laura-calabrese.com\/Blog\/?p=484"},"modified":"2024-11-13T12:59:09","modified_gmt":"2024-11-13T11:59:09","slug":"10-ans-avec-vous","status":"publish","type":"post","link":"https:\/\/laura-calabrese.com\/Blog\/10-ans-avec-vous\/","title":{"rendered":"10 ans&#8230; Avec Vous"},"content":{"rendered":"<h2>10 ans&#8230;Avec vous<\/h2>\n<p><img loading=\"lazy\" decoding=\"async\" class=\"size-medium wp-image-488 alignright\" src=\"https:\/\/laura-calabrese.com\/Blog\/wp-content\/uploads\/badge_10ans_12x20mm-300x169.png\" alt=\"Coaching Neuch\u00e2tel; coaching Suisse romande\" width=\"300\" height=\"169\" srcset=\"https:\/\/laura-calabrese.com\/Blog\/wp-content\/uploads\/badge_10ans_12x20mm-300x169.png 300w, https:\/\/laura-calabrese.com\/Blog\/wp-content\/uploads\/badge_10ans_12x20mm.png 327w\" sizes=\"auto, (max-width: 300px) 100vw, 300px\" \/><strong>Avec vous, nous avons pu permettre en entreprise:<\/strong><\/p>\n<ul>\n<li>aux responsables de se renforcer dans leurs r\u00f4les<\/li>\n<li>aux collaborateurs de tous les niveaux d&rsquo;avoir une plus grande capacit\u00e9 \u00e0 s&rsquo;exprimer sans agresser<\/li>\n<li>d&rsquo;augmenter la coh\u00e9sion dans les \u00e9quipes<\/li>\n<li>une plus grande priorisation des collaborateurs se sentant d\u00e9bord\u00e9s et d\u00e9sorganis\u00e9s<\/li>\n<li>le retour du bien-\u00eatre de vos dirigeants et de vos collaborateurs \u00e0 2 doigts de perdre le sens au travail<\/li>\n<li>aux \u00e9quipes de sortir de leur mutisme et oser dire les choses<\/li>\n<li>une plus grande ouverture \u00e0 l&rsquo;autre de vos collaborateurs introvertis notamment<\/li>\n<\/ul>\n<p><strong>Avec vous, nous avons pu former vos \u00e9quipes pour:<\/strong><\/p>\n<ul>\n<li>une meilleure communication ouverte et non agressive<\/li>\n<li>offrir des clefs dans la gestion de leurs \u00e9motions personnelles<\/li>\n<li>am\u00e9liorer la qualit\u00e9 de vos recrutements dans le respect de bons processus<\/li>\n<li>une meilleure gestion des entretiens difficiles pour vos cadres et vos collaborateurs<\/li>\n<\/ul>\n<p><strong>Avec vous, individuellement, dans votre processus de Vie personnelle, nous avons travaill\u00e9 sur:<\/strong><\/p>\n<ul>\n<li>casser vos sch\u00e9mas de vie r\u00e9p\u00e9titifs (peurs diverses, relatives \u00e0 l&rsquo;autorit\u00e9, au regard des autres, \u00e0 la d\u00e9pendance affective&#8230;)<\/li>\n<li>le deuil de vos situations de Vie (perte d&rsquo;un \u00eatre cher, ruptures amoureuses et professionnelles,&#8230;)<\/li>\n<li>tous les questionnements professionnels (recherche de sens, reconversion, recherche d&#8217;emploi)<\/li>\n<li>les difficult\u00e9s rencontr\u00e9es dans relations amoureuses et familiales<\/li>\n<li>vos relations conflictuelles<\/li>\n<\/ul>\n<p>Et comme encore tout ceci est loin de raconter la totalit\u00e9 de ces 10 ans!<\/p>\n<p>Mais sinc\u00e8rement, Vraiment&#8230;Avec Vous&#8230;10 ans&#8230;<\/p>\n<p>Comme j&rsquo;ai appris et ne cesse d&rsquo;apprendre!<\/p>\n<p>Je me r\u00e9jouis des 10 prochaines ann\u00e9es \u00e0 vos c\u00f4t\u00e9s. MERCI<\/p>\n","protected":false},"excerpt":{"rendered":"<p>10 ans&#8230;Avec vous Avec vous, nous avons pu permettre en entreprise: aux responsables de se renforcer dans leurs r\u00f4les aux collaborateurs de tous les niveaux d&rsquo;avoir une plus grande capacit\u00e9 \u00e0 s&rsquo;exprimer sans agresser d&rsquo;augmenter la coh\u00e9sion dans les \u00e9quipes une plus grande priorisation des collaborateurs se sentant d\u00e9bord\u00e9s et d\u00e9sorganis\u00e9s le retour du bien-\u00eatre [&hellip;]<\/p>\n","protected":false},"author":1,"featured_media":0,"comment_status":"open","ping_status":"open","sticky":false,"template":"","format":"standard","meta":{"footnotes":""},"categories":[1],"tags":[],"class_list":["post-484","post","type-post","status-publish","format-standard","hentry","category-uncategorized"],"_links":{"self":[{"href":"https:\/\/laura-calabrese.com\/Blog\/wp-json\/wp\/v2\/posts\/484","targetHints":{"allow":["GET"]}}],"collection":[{"href":"https:\/\/laura-calabrese.com\/Blog\/wp-json\/wp\/v2\/posts"}],"about":[{"href":"https:\/\/laura-calabrese.com\/Blog\/wp-json\/wp\/v2\/types\/post"}],"author":[{"embeddable":true,"href":"https:\/\/laura-calabrese.com\/Blog\/wp-json\/wp\/v2\/users\/1"}],"replies":[{"embeddable":true,"href":"https:\/\/laura-calabrese.com\/Blog\/wp-json\/wp\/v2\/comments?post=484"}],"version-history":[{"count":6,"href":"https:\/\/laura-calabrese.com\/Blog\/wp-json\/wp\/v2\/posts\/484\/revisions"}],"predecessor-version":[{"id":492,"href":"https:\/\/laura-calabrese.com\/Blog\/wp-json\/wp\/v2\/posts\/484\/revisions\/492"}],"wp:attachment":[{"href":"https:\/\/laura-calabrese.com\/Blog\/wp-json\/wp\/v2\/media?parent=484"}],"wp:term":[{"taxonomy":"category","embeddable":true,"href":"https:\/\/laura-calabrese.com\/Blog\/wp-json\/wp\/v2\/categories?post=484"},{"taxonomy":"post_tag","embeddable":true,"href":"https:\/\/laura-calabrese.com\/Blog\/wp-json\/wp\/v2\/tags?post=484"}],"curies":[{"name":"wp","href":"https:\/\/api.w.org\/{rel}","templated":true}]}}