{"id":439,"date":"2024-03-26T18:04:58","date_gmt":"2024-03-26T17:04:58","guid":{"rendered":"https:\/\/laura-calabrese.com\/Blog\/?p=439"},"modified":"2024-03-26T18:04:58","modified_gmt":"2024-03-26T17:04:58","slug":"pour-ecouter","status":"publish","type":"post","link":"https:\/\/laura-calabrese.com\/Blog\/pour-ecouter\/","title":{"rendered":"Pour \u00e9couter&#8230;"},"content":{"rendered":"<h3>Pour \u00e9couter&#8230;<\/h3>\n<p>Ne faut-il pas <strong>faire parler<\/strong> ?!?<\/p>\n<p>Faire parler&#8230; Hum&#8230; facile ??<img loading=\"lazy\" decoding=\"async\" class=\"alignleft size-medium wp-image-442\" src=\"https:\/\/laura-calabrese.com\/Blog\/wp-content\/uploads\/mains-et-fleurs-300x204.jpg\" alt=\"coaching Neuch\u00e2tel\" width=\"300\" height=\"204\" srcset=\"https:\/\/laura-calabrese.com\/Blog\/wp-content\/uploads\/mains-et-fleurs-300x204.jpg 300w, https:\/\/laura-calabrese.com\/Blog\/wp-content\/uploads\/mains-et-fleurs-768x521.jpg 768w, https:\/\/laura-calabrese.com\/Blog\/wp-content\/uploads\/mains-et-fleurs-1024x695.jpg 1024w, https:\/\/laura-calabrese.com\/Blog\/wp-content\/uploads\/mains-et-fleurs.jpg 1280w\" sizes=\"auto, (max-width: 300px) 100vw, 300px\" \/><\/p>\n<p>Pas quand\u00a0 nous avons une attitude\u00a0 de stress, d&rsquo;urgence et de recherche rapide de solutions, comme c&rsquo;est malheureusement souvent le cas dans notre br\u00fblant quotidien!<\/p>\n<p>D&rsquo;ailleurs, quand nous avons cette attitude-l\u00e0, n&rsquo;avons-nous pas tendance \u00e0 penser que, faire parler l&rsquo;autre, va nous faire perdre un temps pr\u00e9cieux? Oui, n&rsquo;est-ce pas?<\/p>\n<p>Et alors, que faisons-nous ? &#8211; Nous \u00e9crivons un message du type: \u00ab\u00a0coll\u00e8gue, merci de me faire ceci pour demain\u00a0\u00bb. Mail ou message tr\u00e8s courant au quotidien&#8230;que vous recevez et\/ou \u00e9crivez \ud83d\ude42<\/p>\n<p>Alors, quel est souvent le r\u00e9sultat d&rsquo;un tel message ? &#8211; Un retour de questions car, de la part de l&rsquo;autre surgit souvent le besoin de plus de :<\/p>\n<ul>\n<li>pr\u00e9cisions<\/li>\n<li>d\u00e9lais<\/li>\n<li>clart\u00e9<\/li>\n<li>de respect et de forme<\/li>\n<\/ul>\n<p>Alors, au final, avons-nous vraiment gagn\u00e9 du temps?<\/p>\n<p>Et si nous prenions davantage notre t\u00e9l\u00e9phone ou nous nous levions plus de notre chaise pour aller voir l&rsquo;autre ?<\/p>\n<p>Pour lui soumettre notre demande, certes, mais aussi et surtout pour l&rsquo;\u00e9couter sur ce qu&rsquo;il comprend, ressent, et comment, avec nous, il se voit r\u00e9soudre, travailler et cheminer?<\/p>\n<p>Certes, ce choix prend un peu plus de temps ( et&#8230; de courage?) que le mail ou le message d\u00e9crit plus haut&#8230; Mais qu&rsquo;y gagnez-vous en \u00e9change?<\/p>\n<p>L&rsquo;autre sera plus r\u00e9ceptif \u00e0 votre demande car il se sentira consult\u00e9, reconnu, engag\u00e9 avec vous.<br \/>\nEt vous gagnerez ensemble \u00e0 enrichir vos \u00e9changes et votre collaboration avec plus de confiance et&#8230; d&rsquo;efficacit\u00e9!<\/p>\n<p>Vive l&rsquo;\u00e9coute! Non?<\/p>\n<p>Mais, euh&#8230; N&rsquo;oubliez pas\u00a0 de vous munir de beaucoup de questions ouvertes, de reformulations et d&#8217;empathie&#8230; Le voyage n&rsquo;en sera que plus beau.<\/p>\n<p>Bonne \u00e9coute \u00e0 vous \ud83d\ude09<\/p>\n","protected":false},"excerpt":{"rendered":"<p>Pour \u00e9couter&#8230; Ne faut-il pas faire parler ?!? Faire parler&#8230; Hum&#8230; facile ?? Pas quand\u00a0 nous avons une attitude\u00a0 de stress, d&rsquo;urgence et de recherche rapide de solutions, comme c&rsquo;est malheureusement souvent le cas dans notre br\u00fblant quotidien! D&rsquo;ailleurs, quand nous avons cette attitude-l\u00e0, n&rsquo;avons-nous pas tendance \u00e0 penser que, faire parler l&rsquo;autre, va nous [&hellip;]<\/p>\n","protected":false},"author":1,"featured_media":0,"comment_status":"open","ping_status":"open","sticky":false,"template":"","format":"standard","meta":{"footnotes":""},"categories":[4,5],"tags":[],"class_list":["post-439","post","type-post","status-publish","format-standard","hentry","category-coaching","category-coaching-de-vie"],"_links":{"self":[{"href":"https:\/\/laura-calabrese.com\/Blog\/wp-json\/wp\/v2\/posts\/439","targetHints":{"allow":["GET"]}}],"collection":[{"href":"https:\/\/laura-calabrese.com\/Blog\/wp-json\/wp\/v2\/posts"}],"about":[{"href":"https:\/\/laura-calabrese.com\/Blog\/wp-json\/wp\/v2\/types\/post"}],"author":[{"embeddable":true,"href":"https:\/\/laura-calabrese.com\/Blog\/wp-json\/wp\/v2\/users\/1"}],"replies":[{"embeddable":true,"href":"https:\/\/laura-calabrese.com\/Blog\/wp-json\/wp\/v2\/comments?post=439"}],"version-history":[{"count":4,"href":"https:\/\/laura-calabrese.com\/Blog\/wp-json\/wp\/v2\/posts\/439\/revisions"}],"predecessor-version":[{"id":444,"href":"https:\/\/laura-calabrese.com\/Blog\/wp-json\/wp\/v2\/posts\/439\/revisions\/444"}],"wp:attachment":[{"href":"https:\/\/laura-calabrese.com\/Blog\/wp-json\/wp\/v2\/media?parent=439"}],"wp:term":[{"taxonomy":"category","embeddable":true,"href":"https:\/\/laura-calabrese.com\/Blog\/wp-json\/wp\/v2\/categories?post=439"},{"taxonomy":"post_tag","embeddable":true,"href":"https:\/\/laura-calabrese.com\/Blog\/wp-json\/wp\/v2\/tags?post=439"}],"curies":[{"name":"wp","href":"https:\/\/api.w.org\/{rel}","templated":true}]}}