{"id":43,"date":"2015-05-06T10:26:48","date_gmt":"2015-05-06T09:26:48","guid":{"rendered":"http:\/\/laura-calabrese.com\/Blog\/?p=43"},"modified":"2015-05-07T06:19:56","modified_gmt":"2015-05-07T05:19:56","slug":"recul-sur-soi-et-vous-cetait-quand-la-derniere-fois","status":"publish","type":"post","link":"https:\/\/laura-calabrese.com\/Blog\/recul-sur-soi-et-vous-cetait-quand-la-derniere-fois\/","title":{"rendered":"Recul sur soi :"},"content":{"rendered":"<h2>et vous, c&rsquo;\u00e9tait quand la derni\u00e8re fois..?<\/h2>\n<p>Prendre du recul\u2026<\/p>\n<p>Est-ce cet arr\u00eat volontaire de la course effr\u00e9n\u00e9e de votre mental quand vous lui dites\u00a0: c\u2019est ici et maintenant. C\u2019est alors que tout vous para\u00eet plus vif, plus vivant et plus l\u00e9ger, voire limpide.<\/p>\n<p>Est-ce la volont\u00e9 de relativiser, de ne plus laisser place aux pens\u00e9es n\u00e9gatives et de faire la part entre ce qui d\u00e9pend vraiment de vous et d&rsquo;ignorer le reste? C\u2019est une paix pour l\u2019esprit qui arr\u00eate alors de vous faire du mal, voire de vous torturer.<\/p>\n<p>Sans doute un peu de tout cela&#8230;<\/p>\n<p>Un bon moyen de cr\u00e9er ce recul est de se transformer en mouche qui assisterait \u00e0 la sc\u00e8ne que vous vivez et qui vous regarderait et vous dirait ce qu&rsquo;elle en pense\u2026Quand vous parvenez \u00e0 vous regarder faire, c\u2019est comme si une magie op\u00e9rait\u2026<\/p>\n<p>La derni\u00e8re fois que je l\u2019ai fait, c\u2019est aujourd\u2019hui.<\/p>\n<p>J\u2019ai lev\u00e9 ma t\u00eate du guidon, j\u2019ai alors pass\u00e9 par-dessus tout, y compris sur ces moments un peu plus difficiles, faits de d\u00e9ceptions ou d\u2019incompr\u00e9hension\u2026J&rsquo;ai ferm\u00e9 les yeux et j&rsquo;ai appel\u00e9 \u00ab\u00a0ma mouche\u00a0\u00bb\u2026<\/p>\n<p>Il y avait ma r\u00e9alit\u00e9 et celle des autres personnes. Ma r\u00e9alit\u00e9, je peux la comprendre et continuer de la soigner. Celle des autres, m&rsquo;\u00e9chappe et m&rsquo;\u00e9chappera sans doute \u00e0 jamais. J&rsquo;aurais pu laisser cette \u00e9motion de moments difficiles prendre le dessus et venir me faire douter de moi-m\u00eame, venir me submerger de n\u00e9gativit\u00e9. Mais je me suis alors concentr\u00e9e sur toutes mes belles r\u00e9ussites, toutes mes belles rencontres, celles d\u00e9j\u00e0 faites et toutes celles qui sont encore \u00e0 venir. Et je me suis envelopp\u00e9e d\u2019un \u00ab\u00a0c\u2019est en ordre\u00a0\u00bb qui \u00e9tait plus puissant que tous les baumes au c\u0153ur\u2026<\/p>\n<h2><a href=\"http:\/\/laura-calabrese.com\/Blog\/wp-content\/uploads\/arbre.jpg\"><img loading=\"lazy\" decoding=\"async\" class=\"alignnone size-medium wp-image-45\" src=\"http:\/\/laura-calabrese.com\/Blog\/wp-content\/uploads\/arbre-300x82.jpg\" alt=\"\" width=\"300\" height=\"82\" srcset=\"https:\/\/laura-calabrese.com\/Blog\/wp-content\/uploads\/arbre-300x82.jpg 300w, https:\/\/laura-calabrese.com\/Blog\/wp-content\/uploads\/arbre-1024x280.jpg 1024w, https:\/\/laura-calabrese.com\/Blog\/wp-content\/uploads\/arbre.jpg 1280w\" sizes=\"auto, (max-width: 300px) 100vw, 300px\" \/><\/a><\/h2>\n","protected":false},"excerpt":{"rendered":"<p>et vous, c&rsquo;\u00e9tait quand la derni\u00e8re fois..? Prendre du recul\u2026 Est-ce cet arr\u00eat volontaire de la course effr\u00e9n\u00e9e de votre mental quand vous lui dites\u00a0: c\u2019est ici et maintenant. C\u2019est alors que tout vous para\u00eet plus vif, plus vivant et plus l\u00e9ger, voire limpide. Est-ce la volont\u00e9 de relativiser, de ne plus laisser place aux [&hellip;]<\/p>\n","protected":false},"author":1,"featured_media":0,"comment_status":"open","ping_status":"open","sticky":false,"template":"","format":"standard","meta":{"footnotes":""},"categories":[5],"tags":[],"class_list":["post-43","post","type-post","status-publish","format-standard","hentry","category-coaching-de-vie"],"_links":{"self":[{"href":"https:\/\/laura-calabrese.com\/Blog\/wp-json\/wp\/v2\/posts\/43","targetHints":{"allow":["GET"]}}],"collection":[{"href":"https:\/\/laura-calabrese.com\/Blog\/wp-json\/wp\/v2\/posts"}],"about":[{"href":"https:\/\/laura-calabrese.com\/Blog\/wp-json\/wp\/v2\/types\/post"}],"author":[{"embeddable":true,"href":"https:\/\/laura-calabrese.com\/Blog\/wp-json\/wp\/v2\/users\/1"}],"replies":[{"embeddable":true,"href":"https:\/\/laura-calabrese.com\/Blog\/wp-json\/wp\/v2\/comments?post=43"}],"version-history":[{"count":9,"href":"https:\/\/laura-calabrese.com\/Blog\/wp-json\/wp\/v2\/posts\/43\/revisions"}],"predecessor-version":[{"id":53,"href":"https:\/\/laura-calabrese.com\/Blog\/wp-json\/wp\/v2\/posts\/43\/revisions\/53"}],"wp:attachment":[{"href":"https:\/\/laura-calabrese.com\/Blog\/wp-json\/wp\/v2\/media?parent=43"}],"wp:term":[{"taxonomy":"category","embeddable":true,"href":"https:\/\/laura-calabrese.com\/Blog\/wp-json\/wp\/v2\/categories?post=43"},{"taxonomy":"post_tag","embeddable":true,"href":"https:\/\/laura-calabrese.com\/Blog\/wp-json\/wp\/v2\/tags?post=43"}],"curies":[{"name":"wp","href":"https:\/\/api.w.org\/{rel}","templated":true}]}}