{"id":397,"date":"2022-04-07T17:20:31","date_gmt":"2022-04-07T16:20:31","guid":{"rendered":"https:\/\/laura-calabrese.com\/Blog\/?p=397"},"modified":"2022-04-07T17:20:31","modified_gmt":"2022-04-07T16:20:31","slug":"printemps-es-tu-la","status":"publish","type":"post","link":"https:\/\/laura-calabrese.com\/Blog\/printemps-es-tu-la\/","title":{"rendered":"Printemps&#8230;es-tu l\u00e0?"},"content":{"rendered":"<p>Printemps&#8230;<\/p>\n<p>La nature encore ind\u00e9cise alors que nous&#8230;oui!<\/p>\n<p>Les fleurs sortent, mais il g\u00e8le le matin. Envie de se projeter mais encore retenu.<\/p>\n<p>L&rsquo;ouverture et \u00e0 la fois encore la somnolence&#8230;La fermeture, la peur peut-\u00eatre aussi de vraiment se r\u00e9jouir du retour des beaux jours, &#8230;se r\u00e9jouir du <img loading=\"lazy\" decoding=\"async\" class=\"alignleft wp-image-398 size-medium\" title=\"coaching Neuch\u00e2tel\" src=\"https:\/\/laura-calabrese.com\/Blog\/wp-content\/uploads\/MugetPrintemps-300x200.jpg\" alt=\"coaching Neuch\u00e2tel\" width=\"300\" height=\"200\" srcset=\"https:\/\/laura-calabrese.com\/Blog\/wp-content\/uploads\/MugetPrintemps-300x200.jpg 300w, https:\/\/laura-calabrese.com\/Blog\/wp-content\/uploads\/MugetPrintemps.jpg 510w\" sizes=\"auto, (max-width: 300px) 100vw, 300px\" \/>retour des beaux jours &#8230;sous tous les sens du terme&#8230;!<\/p>\n<p>Difficile, quand on regarde ce qu&rsquo;il se passe tout autour de nous.<\/p>\n<p>Dualit\u00e9.<\/p>\n<p>Se laisser aller \u00e0 la joie d&rsquo;\u00eatre ici, maintenant, \u00e0 chaque instant? D&rsquo;\u00eatre vivant et de voir les fleurs germer jour apr\u00e8s jour? Car chaque jour il y a des fleurs que l&rsquo;on peut voir germer&#8230;<\/p>\n<p>Ou se laisser aller \u00e0 se refermer sur ses peurs, sur ses craintes? Et se projeter plus tard, plus loin dans forc\u00e9ment quelque chose qui est inconnu et qui donc fait peur?<\/p>\n<p>A qui appartient le choix ? Le choix nous appartient aujourd&rsquo;hui, ici, maintenant, d&rsquo;\u00eatre dans la joie ou dans la peur, de faire germer le printemps ou de rester dans l&rsquo;hiver.<\/p>\n<p>Pour ma part, c&rsquo;est d\u00e9cid\u00e9: je me mets en mode printemps!<\/p>\n<ul>\n<li>Emm\u00e9nager mon balcon terrasse pour y c\u00e9l\u00e9brer la joie et le bien-\u00eatre<\/li>\n<li>Tri des habits de soleil et de couleurs<\/li>\n<li>Nettoyage d\u00e9tox de printemps pour le corps<\/li>\n<li>Et surtout, surtout&#8230; me laisser aller \u00e0 la joie \ud83d\ude42<\/li>\n<\/ul>\n<p>Et vous? Qu&rsquo;allez-vous d\u00e9cider ? Quel est votre choix ?<br \/>\nJe vous souhaite \u00e0 toutes et \u00e0 tous le meilleur des choix: qu&rsquo;il soit joyeux, color\u00e9, l\u00e9ger<\/p>\n","protected":false},"excerpt":{"rendered":"<p>Printemps&#8230; La nature encore ind\u00e9cise alors que nous&#8230;oui! Les fleurs sortent, mais il g\u00e8le le matin. Envie de se projeter mais encore retenu. L&rsquo;ouverture et \u00e0 la fois encore la somnolence&#8230;La fermeture, la peur peut-\u00eatre aussi de vraiment se r\u00e9jouir du retour des beaux jours, &#8230;se r\u00e9jouir du retour des beaux jours &#8230;sous tous les [&hellip;]<\/p>\n","protected":false},"author":1,"featured_media":0,"comment_status":"open","ping_status":"open","sticky":false,"template":"","format":"standard","meta":{"footnotes":""},"categories":[4,5],"tags":[],"class_list":["post-397","post","type-post","status-publish","format-standard","hentry","category-coaching","category-coaching-de-vie"],"_links":{"self":[{"href":"https:\/\/laura-calabrese.com\/Blog\/wp-json\/wp\/v2\/posts\/397","targetHints":{"allow":["GET"]}}],"collection":[{"href":"https:\/\/laura-calabrese.com\/Blog\/wp-json\/wp\/v2\/posts"}],"about":[{"href":"https:\/\/laura-calabrese.com\/Blog\/wp-json\/wp\/v2\/types\/post"}],"author":[{"embeddable":true,"href":"https:\/\/laura-calabrese.com\/Blog\/wp-json\/wp\/v2\/users\/1"}],"replies":[{"embeddable":true,"href":"https:\/\/laura-calabrese.com\/Blog\/wp-json\/wp\/v2\/comments?post=397"}],"version-history":[{"count":1,"href":"https:\/\/laura-calabrese.com\/Blog\/wp-json\/wp\/v2\/posts\/397\/revisions"}],"predecessor-version":[{"id":399,"href":"https:\/\/laura-calabrese.com\/Blog\/wp-json\/wp\/v2\/posts\/397\/revisions\/399"}],"wp:attachment":[{"href":"https:\/\/laura-calabrese.com\/Blog\/wp-json\/wp\/v2\/media?parent=397"}],"wp:term":[{"taxonomy":"category","embeddable":true,"href":"https:\/\/laura-calabrese.com\/Blog\/wp-json\/wp\/v2\/categories?post=397"},{"taxonomy":"post_tag","embeddable":true,"href":"https:\/\/laura-calabrese.com\/Blog\/wp-json\/wp\/v2\/tags?post=397"}],"curies":[{"name":"wp","href":"https:\/\/api.w.org\/{rel}","templated":true}]}}