{"id":351,"date":"2021-10-07T08:05:29","date_gmt":"2021-10-07T07:05:29","guid":{"rendered":"https:\/\/laura-calabrese.com\/Blog\/?p=351"},"modified":"2021-10-07T08:05:29","modified_gmt":"2021-10-07T07:05:29","slug":"lobservation","status":"publish","type":"post","link":"https:\/\/laura-calabrese.com\/Blog\/lobservation\/","title":{"rendered":"L&rsquo;observation"},"content":{"rendered":"<p><img loading=\"lazy\" decoding=\"async\" class=\"alignleft size-medium wp-image-352\" src=\"https:\/\/laura-calabrese.com\/Blog\/wp-content\/uploads\/ObservationSoi-300x200.jpg\" alt=\"coaching Neuch\u00e2tel soins \u00e9nerg\u00e9tiques\" width=\"300\" height=\"200\" srcset=\"https:\/\/laura-calabrese.com\/Blog\/wp-content\/uploads\/ObservationSoi-300x200.jpg 300w, https:\/\/laura-calabrese.com\/Blog\/wp-content\/uploads\/ObservationSoi-768x511.jpg 768w, https:\/\/laura-calabrese.com\/Blog\/wp-content\/uploads\/ObservationSoi.jpg 960w\" sizes=\"auto, (max-width: 300px) 100vw, 300px\" \/><\/p>\n<p>Et si c&rsquo;est l&rsquo;observation qui nous sauvait?<\/p>\n<h4>Observation de mes peurs<\/h4>\n<p>Car je dois avouer, ces derniers mois, ces derni\u00e8res semaines surtout, j&rsquo;ai eu peur. Oui, j&rsquo;ai r\u00e9alis\u00e9 par l&rsquo;observation que j&rsquo;avais peur. Peur de ne pas \u00eatre en bonne sant\u00e9, de ne pas retrouver l&rsquo;amour, de manquer d&rsquo;argent. Peur d&rsquo;\u00eatre rejet\u00e9e par des autres qui penseraient que je ne pense pas comme eux.<\/p>\n<p>Qu&rsquo;allais-je faire de cette peur? La laisser me prendre tout enti\u00e8re et me laisser descendre dans des abysses de paralysie et de d\u00e9prime? J&rsquo;avoue&#8230;je n&rsquo;y suis pas pass\u00e9e loin.<\/p>\n<p>Et puis surtout, quelle honte, non? Pour une personne qui accompagne les autres \u00e0 accepter leurs peurs et les transmuter&#8230;Comment pouvais-je me permettre d&rsquo;y rester et de m&rsquo;y enliser!?<\/p>\n<h4>L&rsquo;exp\u00e9rience de l&rsquo;observation<\/h4>\n<p>Tant que je combattais cette peur car je ne voulais ni l&rsquo;accepter ni la reconnaitre, eh bien, elle prenait de plus en plus de place en moi, sournoisement.<\/p>\n<p>Un matin, je me suis mise dans l&rsquo;observation en me disant que j&rsquo;avais le droit de la ressentir, car les \u00e9motions &#8211; n&rsquo;est-ce pas? &#8211; font partie de notre humanit\u00e9.<\/p>\n<p>Et, plut\u00f4t que de la combattre, cette peur, je les accueillie. Je l&rsquo;ai prise l\u00e0 dans le creux de mes mains. Et, dans une observation teint\u00e9e de bienveillance, je l&rsquo;ai respir\u00e9e, hum\u00e9e, ressentie dans mon corps.<\/p>\n<p>Alors, un autre matin, je me suis lev\u00e9e et la peur \u00e9tait pass\u00e9e au second plan: c&rsquo;est l&rsquo;observation qui prenait une place rassurante.<\/p>\n<p>Bien s\u00fbr, je sais que cet \u00e9quilibre est fragile, que notre humanit\u00e9 nous appelle \u00e0 vivre des \u00e9ternels vas-et-viens entre le confort et l&rsquo;inconfort, entre les creux et les hauts de vague.<\/p>\n<p>Je vais essayer de la garder, l\u00e0, pr\u00e8s de moi, le plus possible, cette amie Observation. Comme une barque \u00e0 port\u00e9e de mains qui peut m&rsquo;accompagner dans les hauts et les bas. Et je la remercie de m&rsquo;avoir procur\u00e9 cet apaisement bienvenu.<\/p>\n<p>Est-ce cela que beaucoup appellent le l\u00e2cher-prise, le recul? Aujourd&rsquo;hui, Observation me parle davantage et je voulais vous la susurrer \u00e0 l&rsquo;oreille.<\/p>\n","protected":false},"excerpt":{"rendered":"<p>Et si c&rsquo;est l&rsquo;observation qui nous sauvait? Observation de mes peurs Car je dois avouer, ces derniers mois, ces derni\u00e8res semaines surtout, j&rsquo;ai eu peur. Oui, j&rsquo;ai r\u00e9alis\u00e9 par l&rsquo;observation que j&rsquo;avais peur. Peur de ne pas \u00eatre en bonne sant\u00e9, de ne pas retrouver l&rsquo;amour, de manquer d&rsquo;argent. Peur d&rsquo;\u00eatre rejet\u00e9e par des autres [&hellip;]<\/p>\n","protected":false},"author":1,"featured_media":0,"comment_status":"open","ping_status":"open","sticky":false,"template":"","format":"standard","meta":{"footnotes":""},"categories":[4,5],"tags":[],"class_list":["post-351","post","type-post","status-publish","format-standard","hentry","category-coaching","category-coaching-de-vie"],"_links":{"self":[{"href":"https:\/\/laura-calabrese.com\/Blog\/wp-json\/wp\/v2\/posts\/351","targetHints":{"allow":["GET"]}}],"collection":[{"href":"https:\/\/laura-calabrese.com\/Blog\/wp-json\/wp\/v2\/posts"}],"about":[{"href":"https:\/\/laura-calabrese.com\/Blog\/wp-json\/wp\/v2\/types\/post"}],"author":[{"embeddable":true,"href":"https:\/\/laura-calabrese.com\/Blog\/wp-json\/wp\/v2\/users\/1"}],"replies":[{"embeddable":true,"href":"https:\/\/laura-calabrese.com\/Blog\/wp-json\/wp\/v2\/comments?post=351"}],"version-history":[{"count":3,"href":"https:\/\/laura-calabrese.com\/Blog\/wp-json\/wp\/v2\/posts\/351\/revisions"}],"predecessor-version":[{"id":355,"href":"https:\/\/laura-calabrese.com\/Blog\/wp-json\/wp\/v2\/posts\/351\/revisions\/355"}],"wp:attachment":[{"href":"https:\/\/laura-calabrese.com\/Blog\/wp-json\/wp\/v2\/media?parent=351"}],"wp:term":[{"taxonomy":"category","embeddable":true,"href":"https:\/\/laura-calabrese.com\/Blog\/wp-json\/wp\/v2\/categories?post=351"},{"taxonomy":"post_tag","embeddable":true,"href":"https:\/\/laura-calabrese.com\/Blog\/wp-json\/wp\/v2\/tags?post=351"}],"curies":[{"name":"wp","href":"https:\/\/api.w.org\/{rel}","templated":true}]}}