{"id":346,"date":"2021-03-28T15:29:32","date_gmt":"2021-03-28T14:29:32","guid":{"rendered":"https:\/\/laura-calabrese.com\/Blog\/?p=346"},"modified":"2021-03-28T15:29:32","modified_gmt":"2021-03-28T14:29:32","slug":"quelle-est-la-question","status":"publish","type":"post","link":"https:\/\/laura-calabrese.com\/Blog\/quelle-est-la-question\/","title":{"rendered":"Quelle est la question?"},"content":{"rendered":"<p><img loading=\"lazy\" decoding=\"async\" class=\"wp-image-347 alignleft\" title=\"caaching Neuch\u00e2tel\" src=\"https:\/\/laura-calabrese.com\/Blog\/wp-content\/uploads\/Telleestlaquestion-300x212.jpg\" alt=\"coach \u00e0 Neuch\u00e2tel\" width=\"269\" height=\"190\" srcset=\"https:\/\/laura-calabrese.com\/Blog\/wp-content\/uploads\/Telleestlaquestion-300x212.jpg 300w, https:\/\/laura-calabrese.com\/Blog\/wp-content\/uploads\/Telleestlaquestion-768x542.jpg 768w, https:\/\/laura-calabrese.com\/Blog\/wp-content\/uploads\/Telleestlaquestion.jpg 960w\" sizes=\"auto, (max-width: 269px) 100vw, 269px\" \/><\/p>\n<p>Quelle est la question?<\/p>\n<p>Combien de fois ne vous \u00eates-vous pas surpris en train de poser la mauvaise question?<\/p>\n<p>Une belle question bien \u00e0 c\u00f4t\u00e9 de la plaque. Compl\u00e8tement \u00e0\u00a0 c\u00f4t\u00e9 de notre r\u00e9elle intention voire pire de nos r\u00e9els besoins. Et puis, tout de suite apr\u00e8s, immanquablement le m\u00eame r\u00e9sultat: bug de communication qui aboutit, selon les circonstances \u00e0 de la perte de temps, voire des incompr\u00e9hensions, des explications et des non-dits.<\/p>\n<p>Mais c&rsquo;est pourtant pas compliqu\u00e9 de poser la bonne question, non?<\/p>\n<p>Pour ma part, je dois avouer que je me surprends plusieurs fois par jour dans ce joli travers. Allez, je vous en livre quelques-unes:<\/p>\n<ul>\n<li>Quand \u00eates-vous disponible?<br \/>\nMais non! Ce n&rsquo;est pas ce que je voulais demander! Je voulais donner mes propres disponibilit\u00e9s et rester ma\u00eetre de mon agenda!<\/li>\n<li>Quand rentres-tu \u00e0 la maison ce soir?<br \/>\nMais non! Ce que je voulais r\u00e9ellement c&rsquo;est que ma fille rentre \u00e0 une heure bien pr\u00e9cise car je ne d\u00e9sirais pas souper trop tard!<\/li>\n<li>Et vous? Quelle \u00e9tait votre derni\u00e8re question \u00e0 c\u00f4t\u00e9 de la plaque?<\/li>\n<\/ul>\n<p>Mais qu&rsquo;est-ce qui fait que nous ne ciblons pas juste du premier coup? D&rsquo;o\u00f9 nous vient cette fichue difficult\u00e9 \u00e0 exprimer et d&rsquo;abord \u00e0 identifier nos r\u00e9els besoins? Serait-ce la peur de blesser l&rsquo;autre en allant droit au but?<\/p>\n<ul>\n<li>Quand \u00eates-vous disponible? Non! Je vais dire: mes disponibilit\u00e9s sont les suivantes, qu&rsquo;est-ce que \u00e7a donne de votre c\u00f4t\u00e9?<\/li>\n<li>Quand rentres-tu \u00e0 la maison ce soir? Non! Je vais dire: je souhaiterais ne souper tard et appr\u00e9cierais que tu rentres pour 18h30.<\/li>\n<\/ul>\n<p>Suis-je plus agressive avec cette nouvelle formulation de question? Je ne crois pas&#8230; Je crois que nous nous retrouvons toujours dans ce c\u0153ur de notre propre d\u00e9veloppement et apprentissage personnel: \u00eatre \u00e0 l&rsquo;\u00e9coute de ses besoins et, ensuite, de les communiquer. Pas facile&#8230;un apprentissage de tous les jours \ud83d\ude42<\/p>\n","protected":false},"excerpt":{"rendered":"<p>Quelle est la question? Combien de fois ne vous \u00eates-vous pas surpris en train de poser la mauvaise question? Une belle question bien \u00e0 c\u00f4t\u00e9 de la plaque. Compl\u00e8tement \u00e0\u00a0 c\u00f4t\u00e9 de notre r\u00e9elle intention voire pire de nos r\u00e9els besoins. Et puis, tout de suite apr\u00e8s, immanquablement le m\u00eame r\u00e9sultat: bug de communication qui [&hellip;]<\/p>\n","protected":false},"author":1,"featured_media":0,"comment_status":"open","ping_status":"open","sticky":false,"template":"","format":"standard","meta":{"footnotes":""},"categories":[4,5,3],"tags":[],"class_list":["post-346","post","type-post","status-publish","format-standard","hentry","category-coaching","category-coaching-de-vie","category-formation"],"_links":{"self":[{"href":"https:\/\/laura-calabrese.com\/Blog\/wp-json\/wp\/v2\/posts\/346","targetHints":{"allow":["GET"]}}],"collection":[{"href":"https:\/\/laura-calabrese.com\/Blog\/wp-json\/wp\/v2\/posts"}],"about":[{"href":"https:\/\/laura-calabrese.com\/Blog\/wp-json\/wp\/v2\/types\/post"}],"author":[{"embeddable":true,"href":"https:\/\/laura-calabrese.com\/Blog\/wp-json\/wp\/v2\/users\/1"}],"replies":[{"embeddable":true,"href":"https:\/\/laura-calabrese.com\/Blog\/wp-json\/wp\/v2\/comments?post=346"}],"version-history":[{"count":2,"href":"https:\/\/laura-calabrese.com\/Blog\/wp-json\/wp\/v2\/posts\/346\/revisions"}],"predecessor-version":[{"id":349,"href":"https:\/\/laura-calabrese.com\/Blog\/wp-json\/wp\/v2\/posts\/346\/revisions\/349"}],"wp:attachment":[{"href":"https:\/\/laura-calabrese.com\/Blog\/wp-json\/wp\/v2\/media?parent=346"}],"wp:term":[{"taxonomy":"category","embeddable":true,"href":"https:\/\/laura-calabrese.com\/Blog\/wp-json\/wp\/v2\/categories?post=346"},{"taxonomy":"post_tag","embeddable":true,"href":"https:\/\/laura-calabrese.com\/Blog\/wp-json\/wp\/v2\/tags?post=346"}],"curies":[{"name":"wp","href":"https:\/\/api.w.org\/{rel}","templated":true}]}}