{"id":220,"date":"2017-05-27T13:50:12","date_gmt":"2017-05-27T12:50:12","guid":{"rendered":"http:\/\/laura-calabrese.com\/Blog\/?p=220"},"modified":"2018-09-25T16:16:16","modified_gmt":"2018-09-25T15:16:16","slug":"comme-un-air-de-vacances","status":"publish","type":"post","link":"https:\/\/laura-calabrese.com\/Blog\/comme-un-air-de-vacances\/","title":{"rendered":"Comme un air de vacances&#8230;"},"content":{"rendered":"<p><img loading=\"lazy\" decoding=\"async\" class=\"alignleft wp-image-221 size-medium\" src=\"https:\/\/laura-calabrese.com\/Blog\/wp-content\/uploads\/airvacances-300x225.jpg\" alt=\"coaching Neuch\u00e2tel; vacances\" width=\"300\" height=\"225\" srcset=\"https:\/\/laura-calabrese.com\/Blog\/wp-content\/uploads\/airvacances-300x225.jpg 300w, https:\/\/laura-calabrese.com\/Blog\/wp-content\/uploads\/airvacances-768x576.jpg 768w, https:\/\/laura-calabrese.com\/Blog\/wp-content\/uploads\/airvacances-1024x768.jpg 1024w\" sizes=\"auto, (max-width: 300px) 100vw, 300px\" \/><\/p>\n<p>Comme un air de <strong>vacances<\/strong>&#8230;Avec ce sentiment de l\u00e2cher prise total, de luxe, calme et volupt\u00e9&#8230; Et si cette s\u00e9r\u00e9nit\u00e9 et cette pl\u00e9nitude n&rsquo;\u00e9taient pas r\u00e9serv\u00e9es uniquement aux moments de \u00ab\u00a0r\u00e9elles\u00a0\u00bb vacances? Faut-il vraiment attendre ces jours ou semaines de rel\u00e2che pour avoir l&rsquo;espoir de se retrouver plus facilement dans cet <strong>ici et maintenant<\/strong> tant b\u00e9ni et attendu?<\/p>\n<p>J&rsquo;arrosais les plantes de ma terrasse ce matin quand cette phrase m&rsquo;est venue \u00e0 l&rsquo;esprit: \u00ab\u00a0dans les plus petites gestes du quotidien se cache le bonheur\u00a0\u00bb Oui&#8230;mais&#8230; non! J&rsquo;ai ressenti le besoin de modifier cette phrase ainsi : nous pouvons commencer par <strong>ouvrir nos sens<\/strong> et, dans les <strong>petits gestes<\/strong>, aller chercher<strong> ces moments de bonheur<\/strong> qui eux sont\u00a0 toujours l\u00e0, \u00e0 port\u00e9e de nos mains!<!--more--><\/p>\n<p>J&rsquo;arrosais ces plantes, et mon esprit n&rsquo;\u00e9tait pas au programme de la journ\u00e9e, \u00e0 la m\u00e9t\u00e9o, mais dans cet arrosoir, dans l&rsquo;eau qui perlait et l&rsquo;effluve de cette terre toute reconnaissante d&rsquo;avoir \u00e0 boire me transportait de bien-\u00eatre.<\/p>\n<h2>L&rsquo;Exp\u00e9rience des vacances&#8230;tous les jours!<\/h2>\n<p>J&rsquo;ai d\u00e9cid\u00e9 de faire l&rsquo;exp\u00e9rience\u00a0 de \u00ab\u00a0vider\u00a0\u00bb mon agenda sur 2 jours pour profiter du week-end prolong\u00e9: pas de rendez-vous, pas d&rsquo;ordinateur, et le t\u00e9l\u00e9phone uniquement pour les urgences et les amis&#8230;comme en vacances! A partir de l\u00e0, qu&rsquo;ai-je fait pour<strong> vraiment d\u00e9connecter<\/strong> et aller retrouver ce sentiment b\u00e9ni du l\u00e2cher-prise vacancier?<\/p>\n<h2>Inviter notre mental<\/h2>\n<p>C&rsquo;est comme de mettre votre \u00ab\u00a0out of office\u00a0\u00bb \u00e0 votre messagerie&#8230; Il va falloir aller<strong> informer votre mental<\/strong>, l\u00e0-haut, de votre intention de prendre le large. Tout commence par lui, non? Nous ne pouvons pas pr\u00e9tendre ressentir le bien-\u00eatre du l\u00e2cher prise vacancier si notre ami le mental ne nous suit pas. Alors, <strong>allons l&rsquo;inviter, lui faire envie, et le convaincre que \u00e7a va \u00eatre bien<\/strong>, que nous ne risquons rien (oui, les urgences sont sous contr\u00f4le, oui elles peuvent attendre&#8230;) Car notre mental est un ami qui nous veut du bien, au fond: il sur-fonctionne parfois, mais c&rsquo;est toujours pour nous prot\u00e9ger, parfois trop, c&rsquo;est vrai&#8230; mais soyons bienveillant \u00e0 son \u00e9gard et ne l&rsquo;oublions pas dans nos d\u00e9parts en vacances.<\/p>\n<h2>Cr\u00e9er notre carte postale<\/h2>\n<p>Notre mental et nous-m\u00eame avons besoin d&rsquo;un ancrage, de quelque chose qui donne envie d&rsquo;y retourner, de plonger enti\u00e8rement dans la pl\u00e9nitude et la s\u00e9r\u00e9nit\u00e9. Allez <strong>chercher ces images<\/strong>, ces souvenirs de vacances o\u00f9 vous \u00e9tiez juste bien. <strong>Transposez-les alors ici et maintenant<\/strong>, l\u00e0 o\u00f9 vous \u00eates, juste maintenant&#8230;voil\u00e0, vous \u00eates sous votre palmier, sur cette si belle plage, ou sur votre montagne au sommet, apr\u00e8s une magnifique randonn\u00e9e.<\/p>\n<h2>Vos 5 sens dans vos valises<\/h2>\n<p>Vous \u00eates sur votre plage ou au sommet de la montagne, vous avez pris votre mental avec, mais cela ne suffit pas. <strong>Aidez-vous de vos 5 sens pour ancrer<\/strong> ce sentiment pendant le moment o\u00f9 vous souhaitez \u00ab\u00a0\u00eatre en vacances\u00a0\u00bb. Que ce soit lors d&rsquo;un week-end prolong\u00e9, sur plusieurs jours entiers, pour un soir, pour une heure, <strong>pourquoi pas pour un instant<\/strong>!<\/p>\n<ol>\n<li>Vue: Fermer vos yeux et aller retrouver votre image (votre carte postale), regardez l\u00e0 dans ses moindres d\u00e9tails.<\/li>\n<li>Ou\u00efe: Entendez les oiseaux, les grillons, le silence de la nature, les sons tant appr\u00e9ci\u00e9s qui accompagnent votre image<\/li>\n<li>Toucher: Sentez vos mains chauffer au soleil, parcourir les pages d&rsquo;un roman, briser les vagues dans votre nage, caresser l&rsquo;herbe<\/li>\n<li>Odorat: Les effluves salines viennent caresser vos narines, l&rsquo;herbe fraichement coup\u00e9e vous enivre<\/li>\n<li>Go\u00fbt: Le repas entre amis, le bon vins, les tapas, les sp\u00e9cialit\u00e9s qui font vos vacances r\u00e9jouissent votre palais<\/li>\n<\/ol>\n<p>Ce n&rsquo;est pas encore les vacances ? Mais si! Et \u00e7a commence maintenant!<\/p>\n<p>Contact <a href=\"tel:004179364%2088%2090\">+41 79 364 88 90<\/a><br \/>\n<a href=\"mailto:contact@laura-calabrese.com\">contact@laura-calabrese.com<\/a><\/p>\n","protected":false},"excerpt":{"rendered":"<p>Comme un air de vacances&#8230;Avec ce sentiment de l\u00e2cher prise total, de luxe, calme et volupt\u00e9&#8230; Et si cette s\u00e9r\u00e9nit\u00e9 et cette pl\u00e9nitude n&rsquo;\u00e9taient pas r\u00e9serv\u00e9es uniquement aux moments de \u00ab\u00a0r\u00e9elles\u00a0\u00bb vacances? Faut-il vraiment attendre ces jours ou semaines de rel\u00e2che pour avoir l&rsquo;espoir de se retrouver plus facilement dans cet ici et maintenant tant [&hellip;]<\/p>\n","protected":false},"author":1,"featured_media":0,"comment_status":"open","ping_status":"open","sticky":false,"template":"","format":"standard","meta":{"footnotes":""},"categories":[4,5],"tags":[],"class_list":["post-220","post","type-post","status-publish","format-standard","hentry","category-coaching","category-coaching-de-vie"],"_links":{"self":[{"href":"https:\/\/laura-calabrese.com\/Blog\/wp-json\/wp\/v2\/posts\/220","targetHints":{"allow":["GET"]}}],"collection":[{"href":"https:\/\/laura-calabrese.com\/Blog\/wp-json\/wp\/v2\/posts"}],"about":[{"href":"https:\/\/laura-calabrese.com\/Blog\/wp-json\/wp\/v2\/types\/post"}],"author":[{"embeddable":true,"href":"https:\/\/laura-calabrese.com\/Blog\/wp-json\/wp\/v2\/users\/1"}],"replies":[{"embeddable":true,"href":"https:\/\/laura-calabrese.com\/Blog\/wp-json\/wp\/v2\/comments?post=220"}],"version-history":[{"count":9,"href":"https:\/\/laura-calabrese.com\/Blog\/wp-json\/wp\/v2\/posts\/220\/revisions"}],"predecessor-version":[{"id":298,"href":"https:\/\/laura-calabrese.com\/Blog\/wp-json\/wp\/v2\/posts\/220\/revisions\/298"}],"wp:attachment":[{"href":"https:\/\/laura-calabrese.com\/Blog\/wp-json\/wp\/v2\/media?parent=220"}],"wp:term":[{"taxonomy":"category","embeddable":true,"href":"https:\/\/laura-calabrese.com\/Blog\/wp-json\/wp\/v2\/categories?post=220"},{"taxonomy":"post_tag","embeddable":true,"href":"https:\/\/laura-calabrese.com\/Blog\/wp-json\/wp\/v2\/tags?post=220"}],"curies":[{"name":"wp","href":"https:\/\/api.w.org\/{rel}","templated":true}]}}