{"id":200,"date":"2017-03-05T13:57:45","date_gmt":"2017-03-05T12:57:45","guid":{"rendered":"http:\/\/laura-calabrese.com\/Blog\/?p=200"},"modified":"2018-09-25T16:17:23","modified_gmt":"2018-09-25T15:17:23","slug":"deja-air-de-printemps","status":"publish","type":"post","link":"https:\/\/laura-calabrese.com\/Blog\/deja-air-de-printemps\/","title":{"rendered":"D\u00e9j\u00e0 comme un air de printemps&#8230;"},"content":{"rendered":"<h1><img loading=\"lazy\" decoding=\"async\" class=\"alignleft size-full wp-image-201\" src=\"https:\/\/laura-calabrese.com\/Blog\/wp-content\/uploads\/fleursprintemps.jpg\" alt=\"coaching neuchatel\" width=\"300\" height=\"300\" srcset=\"https:\/\/laura-calabrese.com\/Blog\/wp-content\/uploads\/fleursprintemps.jpg 300w, https:\/\/laura-calabrese.com\/Blog\/wp-content\/uploads\/fleursprintemps-150x150.jpg 150w\" sizes=\"auto, (max-width: 300px) 100vw, 300px\" \/><\/h1>\n<p>Ne sentez-vous pas, ne voyez-vous pas qu\u2019il y a d\u00e9j\u00e0 comme un air de printemps&#8230; Et \u00e7a fait du bien, non\u00a0?<\/p>\n<p>Oui, quelques-uns vont encore skier, la neige est encore parfois visible, il pleut et il vente et les temp\u00e9ratures ne sont pas encore tous les jours tr\u00e8s cl\u00e9mentes&#8230;<\/p>\n<p>Mais si nous pr\u00eatons attention, voil\u00e0 qu\u2019au d\u00e9tour d\u2019un chemin, nous d\u00e9couvrons une surprise de la nature\u00a0: une fleur d\u00e9j\u00e0 pr\u00eate \u00e0 venir nous rappeler le renouveau et le retour des beaux jours.<\/p>\n<p>Et si nous faisions comme la nature, et que nous travaillions \u00e9galement \u00e0 notre propre <strong>renouveau<\/strong> ?<!--more--><\/p>\n<h2>Imiter la nature<\/h2>\n<p>Que vient nous dire la nature, par le retour de ces fleurs qui semblaient fl\u00e9tries et mortes, par le chant de ces oiseaux qui semblaient partis ou aphones\u00a0? \u00a0Peut-\u00eatre que si nous tendions l\u2019oreille, elle viendrait nous dire qu\u2019il ne tient qu\u2019\u00e0 nous d\u2019en faire de m\u00eame\u00a0? Et si nous allions nous aussi <strong>cr\u00e9er et c\u00e9l\u00e9brer notre propre printemps\u00a0<\/strong>?<\/p>\n<h2>Le printemps au quotidien<\/h2>\n<p>Qu\u2019est-ce que cela signifierait pour nous, au quotidien, que de recr\u00e9er notre printemps\u00a0? Pour ma part, voil\u00e0 ce que je vais m\u2019atteler d\u00e8s ce jour \u00e0 <strong>planter, graine par graine, dans mon quotidien<\/strong>, pour que les beaux jours, fassent \u00e9galement partie de ma vie\u00a0:<\/p>\n<ul>\n<li>Profiter au maximum de tous les rayons de soleil, les chercher, les ressentir, les c\u00e9l\u00e9brer par n\u2019importe quels moyens\u00a0:\n<ul>\n<li>en voiture, je fais le vide et remercie le soleil d\u2019\u00eatre l\u00e0<\/li>\n<li>\u00e0 pied, je prends minimum 20 minutes par jour pour marcher et ressentir ce changement autour de moi<\/li>\n<\/ul>\n<\/li>\n<li>Nettoyer mon organisme encrass\u00e9 par l\u2019hiver et entamer une petite cure d\u00e9tox<\/li>\n<li>Inviter les amis et la famille \u00e0 profiter \u00e9galement de sortir\/ressortir et se retrouver dans la nature<\/li>\n<li>Refaire un point de situation de tous les acquis, les projets, les dossiers en cours et, quand je les trouve scl\u00e9ros\u00e9s, les abandonner pour repartir sur du neuf et du diff\u00e9rent<\/li>\n<li>Faire le grand nettoyage mat\u00e9riel, le fameux nettoyage de printemps, mais l\u2019appliquer \u00e0 tous les domaines (pas seulement les armoires, mais aussi tout le reste&#8230;), avec la ferme intention de voyager plus l\u00e9ger<\/li>\n<\/ul>\n<p>Et vous\u00a0? Quand commencez-vous \u00e0 vous all\u00e9ger, \u00e0 prendre du recul et profiter au maximum des cadeaux de votre quotidien\u00a0?<\/p>\n<p>Contact <a href=\"tel:004179364%2088%2090\">+41 79 364 88 90<\/a><br \/>\n<a href=\"mailto:contact@laura-calabrese.com\">contact@laura-calabrese.com<\/a><\/p>\n<p>&nbsp;<\/p>\n","protected":false},"excerpt":{"rendered":"<p>Ne sentez-vous pas, ne voyez-vous pas qu\u2019il y a d\u00e9j\u00e0 comme un air de printemps&#8230; Et \u00e7a fait du bien, non\u00a0? Oui, quelques-uns vont encore skier, la neige est encore parfois visible, il pleut et il vente et les temp\u00e9ratures ne sont pas encore tous les jours tr\u00e8s cl\u00e9mentes&#8230; Mais si nous pr\u00eatons attention, voil\u00e0 [&hellip;]<\/p>\n","protected":false},"author":1,"featured_media":0,"comment_status":"open","ping_status":"open","sticky":false,"template":"","format":"standard","meta":{"footnotes":""},"categories":[4,5],"tags":[],"class_list":["post-200","post","type-post","status-publish","format-standard","hentry","category-coaching","category-coaching-de-vie"],"_links":{"self":[{"href":"https:\/\/laura-calabrese.com\/Blog\/wp-json\/wp\/v2\/posts\/200","targetHints":{"allow":["GET"]}}],"collection":[{"href":"https:\/\/laura-calabrese.com\/Blog\/wp-json\/wp\/v2\/posts"}],"about":[{"href":"https:\/\/laura-calabrese.com\/Blog\/wp-json\/wp\/v2\/types\/post"}],"author":[{"embeddable":true,"href":"https:\/\/laura-calabrese.com\/Blog\/wp-json\/wp\/v2\/users\/1"}],"replies":[{"embeddable":true,"href":"https:\/\/laura-calabrese.com\/Blog\/wp-json\/wp\/v2\/comments?post=200"}],"version-history":[{"count":5,"href":"https:\/\/laura-calabrese.com\/Blog\/wp-json\/wp\/v2\/posts\/200\/revisions"}],"predecessor-version":[{"id":300,"href":"https:\/\/laura-calabrese.com\/Blog\/wp-json\/wp\/v2\/posts\/200\/revisions\/300"}],"wp:attachment":[{"href":"https:\/\/laura-calabrese.com\/Blog\/wp-json\/wp\/v2\/media?parent=200"}],"wp:term":[{"taxonomy":"category","embeddable":true,"href":"https:\/\/laura-calabrese.com\/Blog\/wp-json\/wp\/v2\/categories?post=200"},{"taxonomy":"post_tag","embeddable":true,"href":"https:\/\/laura-calabrese.com\/Blog\/wp-json\/wp\/v2\/tags?post=200"}],"curies":[{"name":"wp","href":"https:\/\/api.w.org\/{rel}","templated":true}]}}